{"id":1927,"date":"2025-09-04T07:16:16","date_gmt":"2025-09-04T04:16:16","guid":{"rendered":"https:\/\/freezeva.com\/tr\/?p=1927"},"modified":"2025-09-10T08:29:30","modified_gmt":"2025-09-10T05:29:30","slug":"dondurularak-kurutulmus-meyve-pazari-2025te-8-buyume-bekleniyor","status":"publish","type":"post","link":"https:\/\/freezeva.com\/tr\/dondurularak-kurutulmus-meyve-pazari-2025te-8-buyume-bekleniyor\/","title":{"rendered":"Dondurularak Kurutulmu\u015f Meyve Pazar\u0131 2025\u2019te %8 B\u00fcy\u00fcme Bekleniyor"},"content":{"rendered":"\n<p class=\"has-medium-font-size\">Dondurularak kurutulmu\u015f (freeze-dried) meyve pazar\u0131, son y\u0131llarda hem globalde hem de T\u00fcrkiye\u2019de dikkat \u00e7eken bir ivme yakalad\u0131. Sa\u011fl\u0131kl\u0131 ya\u015fam trendlerinin g\u00fc\u00e7lenmesi, pratik ve uzun \u00f6m\u00fcrl\u00fc g\u0131dalara olan ilginin artmas\u0131yla birlikte sekt\u00f6r 2025\u2019te \u00f6nemli bir b\u00fcy\u00fcme kaydetmeye haz\u0131rlan\u0131yor. Uluslararas\u0131 ara\u015ft\u0131rma \u015firketlerinin verilerine g\u00f6re, 2025 y\u0131l\u0131nda freeze-dry meyve pazar\u0131n\u0131n d\u00fcnya genelinde yakla\u015f\u0131k <strong>%8 oran\u0131nda b\u00fcy\u00fcmesi<\/strong> bekleniyor.<\/p>\n\n\n\n<h2 class=\"wp-block-heading\">Sa\u011fl\u0131kl\u0131 At\u0131\u015ft\u0131rmal\u0131klara Y\u00f6nelim Art\u0131yor<\/h2>\n\n\n\n<p>T\u00fcketiciler art\u0131k yaln\u0131zca lezzeti de\u011fil, ayn\u0131 zamanda g\u0131dan\u0131n do\u011fall\u0131\u011f\u0131n\u0131 ve besleyici \u00f6zelliklerini de \u00f6n planda tutuyor. Katk\u0131s\u0131z, koruyucusuz ve %100 meyveden \u00fcretilen freeze-dry \u00fcr\u00fcnler, \u00f6zellikle <strong>\u00e7ocuklar, sporcular ve sa\u011fl\u0131kl\u0131 ya\u015fam bilincine sahip bireyler<\/strong> taraf\u0131ndan tercih ediliyor. Bu e\u011filim, pazardaki b\u00fcy\u00fcmenin en \u00f6nemli tetikleyicisi olarak g\u00f6r\u00fcl\u00fcyor.<\/p>\n\n\n\n<h2 class=\"wp-block-heading\">Global Pazarda \u00d6ne \u00c7\u0131kan Fakt\u00f6rler<\/h2>\n\n\n\n<ul class=\"wp-block-list\">\n<li><strong>Uzun raf \u00f6mr\u00fc:<\/strong> Freeze-dry \u00fcr\u00fcnleri, bozulmadan aylarca hatta y\u0131llarca saklanabiliyor.<\/li>\n\n\n\n<li><strong>Lojistik kolayl\u0131k:<\/strong> Hafif yap\u0131lar\u0131 sayesinde ihracat i\u00e7in b\u00fcy\u00fck avantaj sa\u011fl\u0131yor.<\/li>\n\n\n\n<li><strong>\u00c7e\u015fitlilik:<\/strong> \u00c7ilekten ananasa, kavundan b\u00f6\u011f\u00fcrtlene kadar pek \u00e7ok \u00fcr\u00fcn bu y\u00f6ntemle haz\u0131rlanabiliyor.<\/li>\n<\/ul>\n\n\n\n<p>Bu \u00f6zellikler, \u00f6zellikle Avrupa ve Amerika pazarlar\u0131nda freeze-dry meyvelere olan talebi her ge\u00e7en y\u0131l art\u0131r\u0131yor.<\/p>\n\n\n\n<h2 class=\"wp-block-heading\">T\u00fcrkiye \u0130\u00e7in Yeni \u0130hracat F\u0131rsatlar\u0131<\/h2>\n\n\n\n<p>T\u00fcrkiye, zengin tar\u0131m \u00fcr\u00fcnleri \u00e7e\u015fitlili\u011fi sayesinde freeze-dry sekt\u00f6r\u00fcnde g\u00fc\u00e7l\u00fc bir potansiyele sahip. \u00d6zellikle <strong>Ege ve Akdeniz b\u00f6lgelerinde yeti\u015fen meyveler<\/strong>, y\u00fcksek kalite ve aromalar\u0131yla d\u00fcnya pazar\u0131nda fark yaratabilir. Freeze-dry teknolojisiyle i\u015flenen \u00fcr\u00fcnler, T\u00fcrk g\u0131da ihracat\u0131nda katma de\u011feri y\u00fcksek kalemlerden biri olmaya aday.<\/p>\n\n\n\n<h2 class=\"wp-block-heading\">Gelece\u011fe Bak\u0131\u015f<\/h2>\n\n\n\n<p class=\"has-medium-font-size\">Sekt\u00f6r uzmanlar\u0131, t\u00fcketicilerin sa\u011fl\u0131kl\u0131 at\u0131\u015ft\u0131rmal\u0131klara olan ilgisinin kal\u0131c\u0131 olaca\u011f\u0131 g\u00f6r\u00fc\u015f\u00fcnde. 2025 sonras\u0131nda da pazar\u0131n \u00e7ift haneli b\u00fcy\u00fcme oranlar\u0131yla yoluna devam etmesi bekleniyor. Freeze-dry teknolojisi, yaln\u0131zca meyve de\u011fil; sebze, kahve, hatta haz\u0131r yemek kategorilerinde de kullan\u0131lmaya ba\u015flanarak g\u0131da end\u00fcstrisinin gelece\u011finde \u00f6nemli bir rol \u00fcstlenecek.<\/p>\n","protected":false},"excerpt":{"rendered":"<p>Dondurularak kurutulmu\u015f (freeze-dried) meyve pazar\u0131, son y\u0131llarda hem globalde hem de T\u00fcrkiye\u2019de dikkat \u00e7eken bir ivme yakalad\u0131. Sa\u011fl\u0131kl\u0131 ya\u015fam trendlerinin &#8230; <a class=\"cz_readmore\" href=\"https:\/\/freezeva.com\/tr\/dondurularak-kurutulmus-meyve-pazari-2025te-8-buyume-bekleniyor\/\"><i class=\"fa czico-188-arrows-2\" aria-hidden=\"true\"><\/i><span>Okumaya devam et<\/span><\/a><\/p>\n","protected":false},"author":1,"featured_media":1929,"comment_status":"open","ping_status":"open","sticky":false,"template":"","format":"standard","meta":{"footnotes":""},"categories":[1],"tags":[],"class_list":["post-1927","post","type-post","status-publish","format-standard","has-post-thumbnail","hentry","category-genel"],"_links":{"self":[{"href":"https:\/\/freezeva.com\/tr\/wp-json\/wp\/v2\/posts\/1927","targetHints":{"allow":["GET"]}}],"collection":[{"href":"https:\/\/freezeva.com\/tr\/wp-json\/wp\/v2\/posts"}],"about":[{"href":"https:\/\/freezeva.com\/tr\/wp-json\/wp\/v2\/types\/post"}],"author":[{"embeddable":true,"href":"https:\/\/freezeva.com\/tr\/wp-json\/wp\/v2\/users\/1"}],"replies":[{"embeddable":true,"href":"https:\/\/freezeva.com\/tr\/wp-json\/wp\/v2\/comments?post=1927"}],"version-history":[{"count":1,"href":"https:\/\/freezeva.com\/tr\/wp-json\/wp\/v2\/posts\/1927\/revisions"}],"predecessor-version":[{"id":1930,"href":"https:\/\/freezeva.com\/tr\/wp-json\/wp\/v2\/posts\/1927\/revisions\/1930"}],"wp:featuredmedia":[{"embeddable":true,"href":"https:\/\/freezeva.com\/tr\/wp-json\/wp\/v2\/media\/1929"}],"wp:attachment":[{"href":"https:\/\/freezeva.com\/tr\/wp-json\/wp\/v2\/media?parent=1927"}],"wp:term":[{"taxonomy":"category","embeddable":true,"href":"https:\/\/freezeva.com\/tr\/wp-json\/wp\/v2\/categories?post=1927"},{"taxonomy":"post_tag","embeddable":true,"href":"https:\/\/freezeva.com\/tr\/wp-json\/wp\/v2\/tags?post=1927"}],"curies":[{"name":"wp","href":"https:\/\/api.w.org\/{rel}","templated":true}]}}