{"id":1939,"date":"2025-09-04T07:28:00","date_gmt":"2025-09-04T04:28:00","guid":{"rendered":"https:\/\/freezeva.com\/tr\/?p=1939"},"modified":"2025-09-10T08:29:19","modified_gmt":"2025-09-10T05:29:19","slug":"kuresel-iklim-degisikligi-ve-gida-israfina-karsi-freeze-dry-cozumu","status":"publish","type":"post","link":"https:\/\/freezeva.com\/tr\/kuresel-iklim-degisikligi-ve-gida-israfina-karsi-freeze-dry-cozumu\/","title":{"rendered":"K\u00fcresel \u0130klim De\u011fi\u015fikli\u011fi ve G\u0131da \u0130sraf\u0131na Kar\u015f\u0131 Freeze-Dry \u00c7\u00f6z\u00fcm\u00fc"},"content":{"rendered":"\n<p class=\"has-medium-font-size\">G\u0131da sekt\u00f6r\u00fc, iklim de\u011fi\u015fikli\u011finin etkileriyle birlikte en fazla risk alt\u0131nda olan alanlardan biri. Tarladan sofraya uzanan zincirde ya\u015fanan kay\u0131plar, hem ekonomik hem de \u00e7evresel a\u00e7\u0131dan b\u00fcy\u00fck bir sorun olu\u015fturuyor. Birle\u015fmi\u015f Milletler G\u0131da ve Tar\u0131m \u00d6rg\u00fct\u00fc (FAO) verilerine g\u00f6re, her y\u0131l d\u00fcnya genelinde \u00fcretilen g\u0131dan\u0131n yakla\u015f\u0131k <strong>\u00fc\u00e7te biri israf ediliyor<\/strong>. Bu noktada freeze-dry teknolojisi, g\u0131da israf\u0131n\u0131 \u00f6nlemek i\u00e7in g\u00fc\u00e7l\u00fc bir \u00e7\u00f6z\u00fcm olarak \u00f6ne \u00e7\u0131k\u0131yor.<\/p>\n\n\n\n<h2 class=\"wp-block-heading\">Hasattan Sofraya Kay\u0131plar\u0131 Azalt\u0131yor<\/h2>\n\n\n\n<p>Taze meyve ve sebzeler, hasattan sonra k\u0131sa s\u00fcrede bozulabiliyor. \u00d6zellikle ihracat s\u00fcre\u00e7lerinde nakliye s\u0131ras\u0131nda olu\u015fan kay\u0131plar y\u00fcksek maliyetlere yol a\u00e7\u0131yor. Freeze-dry y\u00f6ntemi sayesinde \u00fcr\u00fcnler, tazeli\u011fini ve besin de\u011ferini koruyarak \u00e7ok daha uzun s\u00fcre saklanabiliyor. Bu da hem \u00fcretici hem de t\u00fcketici i\u00e7in kay\u0131plar\u0131 en aza indiriyor.<\/p>\n\n\n\n<h2 class=\"wp-block-heading\">Enerji ve Kaynak Verimlili\u011fi<\/h2>\n\n\n\n<p>G\u0131da israf\u0131n\u0131n \u00f6nlenmesi yaln\u0131zca ekonomik de\u011fil, ayn\u0131 zamanda \u00e7evresel fayda da sa\u011fl\u0131yor. \u0130sraf edilen her g\u0131da, asl\u0131nda bo\u015fa harcanan <strong>su, enerji ve tar\u0131m alan\u0131<\/strong> anlam\u0131na geliyor. Freeze-dry \u00fcr\u00fcnler, uzun raf \u00f6mr\u00fc ve kolay depolanabilir yap\u0131s\u0131yla bu kay\u0131plar\u0131n \u00f6n\u00fcne ge\u00e7iyor.<\/p>\n\n\n\n<h2 class=\"wp-block-heading\">S\u00fcrd\u00fcr\u00fclebilir T\u00fcketim Trendi<\/h2>\n\n\n\n<p>T\u00fcketiciler art\u0131k yaln\u0131zca sa\u011fl\u0131kl\u0131 de\u011fil, ayn\u0131 zamanda <strong>s\u00fcrd\u00fcr\u00fclebilir<\/strong> \u00fcr\u00fcnler talep ediyor. Freeze-dry teknolojisi, g\u0131day\u0131 israf olmaktan kurtard\u0131\u011f\u0131 gibi, ta\u015f\u0131ma ve depolama kolayl\u0131\u011f\u0131 sayesinde karbon ayak izini de azalt\u0131yor.<\/p>\n\n\n\n<h2 class=\"wp-block-heading\">T\u00fcrkiye \u0130\u00e7in \u00d6nemli Bir F\u0131rsat<\/h2>\n\n\n\n<p>T\u00fcrkiye\u2019nin geni\u015f tar\u0131msal \u00fcretim potansiyeli, iklim de\u011fi\u015fikli\u011fi riskleriyle kar\u015f\u0131 kar\u015f\u0131ya. Ancak bu risk, do\u011fru teknolojiyle f\u0131rsata d\u00f6n\u00fc\u015ft\u00fcr\u00fclebilir. Freeze-dry y\u00f6nteminin daha yayg\u0131n kullan\u0131m\u0131, hem i\u00e7 pazarda g\u0131da g\u00fcvenli\u011fini g\u00fc\u00e7lendirecek hem de uluslararas\u0131 pazarlarda s\u00fcrd\u00fcr\u00fclebilir bir marka imaj\u0131 olu\u015fturacakt\u0131r.<\/p>\n\n\n\n<h2 class=\"wp-block-heading\">Freezeva\u2019n\u0131n Yakla\u015f\u0131m\u0131<\/h2>\n\n\n\n<p class=\"has-medium-font-size\">Freezeva olarak biz, do\u011fan\u0131n sundu\u011fu en saf lezzetleri korurken ayn\u0131 zamanda s\u00fcrd\u00fcr\u00fclebilir bir gelecek i\u00e7in sorumluluk \u00fcstleniyoruz. Amac\u0131m\u0131z yaln\u0131zca sa\u011fl\u0131kl\u0131 at\u0131\u015ft\u0131rmal\u0131k \u00fcretmek de\u011fil; ayn\u0131 zamanda g\u0131da israf\u0131n\u0131 azaltarak daha ya\u015fanabilir bir d\u00fcnya i\u00e7in katk\u0131 sa\u011flamak.<\/p>\n","protected":false},"excerpt":{"rendered":"<p>G\u0131da sekt\u00f6r\u00fc, iklim de\u011fi\u015fikli\u011finin etkileriyle birlikte en fazla risk alt\u0131nda olan alanlardan biri. Tarladan sofraya uzanan zincirde ya\u015fanan kay\u0131plar, hem &#8230; <a class=\"cz_readmore\" href=\"https:\/\/freezeva.com\/tr\/kuresel-iklim-degisikligi-ve-gida-israfina-karsi-freeze-dry-cozumu\/\"><i class=\"fa czico-188-arrows-2\" aria-hidden=\"true\"><\/i><span>Okumaya devam et<\/span><\/a><\/p>\n","protected":false},"author":1,"featured_media":1941,"comment_status":"open","ping_status":"open","sticky":false,"template":"","format":"standard","meta":{"footnotes":""},"categories":[1],"tags":[87,88,86,90,89],"class_list":["post-1939","post","type-post","status-publish","format-standard","has-post-thumbnail","hentry","category-genel","tag-cilek","tag-freeze-dried-cilek","tag-freeze-dry","tag-freeze-dry-nedir","tag-freeze-dry-teknolojisi"],"_links":{"self":[{"href":"https:\/\/freezeva.com\/tr\/wp-json\/wp\/v2\/posts\/1939","targetHints":{"allow":["GET"]}}],"collection":[{"href":"https:\/\/freezeva.com\/tr\/wp-json\/wp\/v2\/posts"}],"about":[{"href":"https:\/\/freezeva.com\/tr\/wp-json\/wp\/v2\/types\/post"}],"author":[{"embeddable":true,"href":"https:\/\/freezeva.com\/tr\/wp-json\/wp\/v2\/users\/1"}],"replies":[{"embeddable":true,"href":"https:\/\/freezeva.com\/tr\/wp-json\/wp\/v2\/comments?post=1939"}],"version-history":[{"count":1,"href":"https:\/\/freezeva.com\/tr\/wp-json\/wp\/v2\/posts\/1939\/revisions"}],"predecessor-version":[{"id":1942,"href":"https:\/\/freezeva.com\/tr\/wp-json\/wp\/v2\/posts\/1939\/revisions\/1942"}],"wp:featuredmedia":[{"embeddable":true,"href":"https:\/\/freezeva.com\/tr\/wp-json\/wp\/v2\/media\/1941"}],"wp:attachment":[{"href":"https:\/\/freezeva.com\/tr\/wp-json\/wp\/v2\/media?parent=1939"}],"wp:term":[{"taxonomy":"category","embeddable":true,"href":"https:\/\/freezeva.com\/tr\/wp-json\/wp\/v2\/categories?post=1939"},{"taxonomy":"post_tag","embeddable":true,"href":"https:\/\/freezeva.com\/tr\/wp-json\/wp\/v2\/tags?post=1939"}],"curies":[{"name":"wp","href":"https:\/\/api.w.org\/{rel}","templated":true}]}}